{"id":385,"date":"2023-11-23T11:30:05","date_gmt":"2023-11-23T14:30:05","guid":{"rendered":"https:\/\/equilibriospa.com\/?p=385"},"modified":"2023-12-29T19:22:15","modified_gmt":"2023-12-29T22:22:15","slug":"post-3","status":"publish","type":"post","link":"https:\/\/equilibriospa.com\/index.php\/2023\/11\/23\/post-3\/","title":{"rendered":"Equil\u00edbrio por Equil\u00edbrio"},"content":{"rendered":"\n<p>Conhecendo a Equil\u00edbrio Massoterapia: Uma Jornada para o Bem-Estar<\/p>\n\n\n\n<p>Funda\u00e7\u00e3o Durante a Pandemia:<\/p>\n\n\n\n<p>Em 2021, no auge da pandemia, Alexandre Silveira fundou a Equil\u00edbrio Massoterapia com a miss\u00e3o de proporcionar mais qualidade de vida em tempos desafiadores. Sua paix\u00e3o pela massagem cl\u00ednica impulsionou a cria\u00e7\u00e3o deste ref\u00fagio de bem-estar.<\/p>\n\n\n\n<p>Abordagem Hol\u00edstica:<\/p>\n\n\n\n<p>Na Equil\u00edbrio, entendemos o ser humano como uma uni\u00e3o complexa de mente, corpo e esp\u00edrito. Nossas abordagens consideram cada elemento, visando alcan\u00e7ar o equil\u00edbrio e a harmonia. Tratamentos cl\u00ednicos s\u00e3o personalizados, garantindo evolu\u00e7\u00e3o excepcional para cada indiv\u00edduo.<\/p>\n\n\n\n<p>Profissionais Comprometidos:<\/p>\n\n\n\n<p>Sob a lideran\u00e7a de Alexandre Silveira, CEO e Massoterapeuta, e Aline Alves, Secret\u00e1ria e Massoterapeuta, nossa equipe est\u00e1 em constante busca por novas t\u00e9cnicas para proporcionar o melhor tratamento personalizado a cada cliente.<\/p>\n\n\n\n<h3 class=\"wp-block-heading\">Variedade de Servi\u00e7os e Ambiente Acolhedor:<\/h3>\n\n\n\n<p>Oferecemos massagens relaxantes, terap\u00eauticas, est\u00e9ticas e terapia org\u00e1stica. Nosso espa\u00e7o \u00e9 um o\u00e1sis sereno, com cantinho do ch\u00e1, ambiente climatizado, cromoterapia e aromaterapia, proporcionando a cada cliente uma experi\u00eancia acolhedora e \u00fanica.<\/p>\n\n\n\n<p>Compromisso Principal:<\/p>\n\n\n\n<p>Nosso compromisso \u00e9 suprir as necessidades individuais de cada cliente, seja aliviando dores, moldando o corpo ou abordando quest\u00f5es relacionadas \u00e0 sexualidade, ressignificando problemas e traumas.<\/p>\n\n\n\n<p>Ambiente Aconchegante:<\/p>\n\n\n\n<p>Nosso cantinho, pequeno e acolhedor, \u00e9 o cen\u00e1rio ideal para promover paz, relaxamento e cura. Discri\u00e7\u00e3o e tranquilidade s\u00e3o fundamentais para a experi\u00eancia terap\u00eautica.<\/p>\n\n\n\n<p>\u00c9tica e Padr\u00f5es Elevados:<\/p>\n\n\n\n<p>Pautamos nossa conduta nos princ\u00edpios \u00e9ticos da profiss\u00e3o e da vida, mantendo sempre o mais alto padr\u00e3o de atendimento.<\/p>\n\n\n\n<p>Agende sua Sess\u00e3o:<\/p>\n\n\n\n<p>Para agendar sua sess\u00e3o, visite nosso agendamento online ou entre em contato pelo WhatsApp: (27) 99263-3631.<br>Descubra como a Equil\u00edbrio Massoterapia pode ser o seu parceiro na busca por um bem-estar integral. Marque sua consulta hoje e d\u00ea o primeiro passo em dire\u00e7\u00e3o a uma vida mais equilibrada.<\/p>\n","protected":false},"excerpt":{"rendered":"<p>Conhecendo a Equil\u00edbrio Massoterapia: Uma Jornada para o Bem-Estar Funda\u00e7\u00e3o Durante a Pandemia: Em 2021, no auge da pandemia, Alexandre Silveira fundou a Equil\u00edbrio Massoterapia com a miss\u00e3o de proporcionar mais qualidade de vida em tempos desafiadores. Sua paix\u00e3o pela massagem cl\u00ednica impulsionou a cria\u00e7\u00e3o deste ref\u00fagio de bem-estar. Abordagem Hol\u00edstica: Na Equil\u00edbrio, entendemos o [&hellip;]<\/p>\n","protected":false},"author":1,"featured_media":392,"comment_status":"closed","ping_status":"open","sticky":false,"template":"","format":"standard","meta":{"footnotes":""},"categories":[1],"tags":[],"class_list":["post-385","post","type-post","status-publish","format-standard","has-post-thumbnail","hentry","category-blog"],"_links":{"self":[{"href":"https:\/\/equilibriospa.com\/index.php\/wp-json\/wp\/v2\/posts\/385","targetHints":{"allow":["GET"]}}],"collection":[{"href":"https:\/\/equilibriospa.com\/index.php\/wp-json\/wp\/v2\/posts"}],"about":[{"href":"https:\/\/equilibriospa.com\/index.php\/wp-json\/wp\/v2\/types\/post"}],"author":[{"embeddable":true,"href":"https:\/\/equilibriospa.com\/index.php\/wp-json\/wp\/v2\/users\/1"}],"replies":[{"embeddable":true,"href":"https:\/\/equilibriospa.com\/index.php\/wp-json\/wp\/v2\/comments?post=385"}],"version-history":[{"count":3,"href":"https:\/\/equilibriospa.com\/index.php\/wp-json\/wp\/v2\/posts\/385\/revisions"}],"predecessor-version":[{"id":398,"href":"https:\/\/equilibriospa.com\/index.php\/wp-json\/wp\/v2\/posts\/385\/revisions\/398"}],"wp:featuredmedia":[{"embeddable":true,"href":"https:\/\/equilibriospa.com\/index.php\/wp-json\/wp\/v2\/media\/392"}],"wp:attachment":[{"href":"https:\/\/equilibriospa.com\/index.php\/wp-json\/wp\/v2\/media?parent=385"}],"wp:term":[{"taxonomy":"category","embeddable":true,"href":"https:\/\/equilibriospa.com\/index.php\/wp-json\/wp\/v2\/categories?post=385"},{"taxonomy":"post_tag","embeddable":true,"href":"https:\/\/equilibriospa.com\/index.php\/wp-json\/wp\/v2\/tags?post=385"}],"curies":[{"name":"wp","href":"https:\/\/api.w.org\/{rel}","templated":true}]}}