{"id":2997,"date":"2025-04-12T14:48:59","date_gmt":"2025-04-12T17:48:59","guid":{"rendered":"https:\/\/equilibriospa.com\/?p=2997"},"modified":"2025-04-13T09:34:44","modified_gmt":"2025-04-13T12:34:44","slug":"massagem-soft","status":"publish","type":"post","link":"https:\/\/equilibriospa.com\/index.php\/2025\/04\/12\/massagem-soft\/","title":{"rendered":"Massagem Soft"},"content":{"rendered":"\n<h1 class=\"wp-block-heading\">Saiba tudo sobre a Massagem Soft: toque leve, resultados profundos<\/h1>\n\n\n\n<p>Se voc\u00ea est\u00e1 em busca de uma experi\u00eancia \u00fanica de relaxamento, precisa conhecer a <strong>Massagem Soft<\/strong>, um dos tratamentos mais procurados aqui na Equil\u00edbrio Massoterapia, em Guriri. Mais do que uma simples massagem, essa t\u00e9cnica oferece um cuidado completo com corpo e mente \u2014 ideal para quem vive na correria do dia a dia e sente que precisa desacelerar.<\/p>\n\n\n<div class=\"wp-block-image\">\n<figure class=\"aligncenter size-full is-resized\"><img fetchpriority=\"high\" decoding=\"async\" width=\"454\" height=\"530\" src=\"https:\/\/equilibriospa.com\/wp-content\/uploads\/2025\/04\/Captura-de-tela-2025-04-11-232900.png\" alt=\"\" class=\"wp-image-3000\" style=\"width:488px;height:auto\" srcset=\"https:\/\/equilibriospa.com\/wp-content\/uploads\/2025\/04\/Captura-de-tela-2025-04-11-232900.png 454w, https:\/\/equilibriospa.com\/wp-content\/uploads\/2025\/04\/Captura-de-tela-2025-04-11-232900-257x300.png 257w\" sizes=\"(max-width: 454px) 100vw, 454px\" \/><\/figure>\n<\/div>\n\n\n<div class=\"wp-block-group is-nowrap is-layout-flex wp-container-core-group-is-layout-ad2f72ca wp-block-group-is-layout-flex\">\n<h2 class=\"wp-block-heading\">O que \u00e9 a Massagem Soft?<\/h2>\n<\/div>\n\n\n\n<div class=\"wp-block-group is-nowrap is-layout-flex wp-container-core-group-is-layout-ad2f72ca wp-block-group-is-layout-flex\">\n<p class=\"has-text-align-left\">A Massagem Soft \u00e9 uma t\u00e9cnica de relaxamento que utiliza toques suaves, lentos e ritmados, promovendo uma sensa\u00e7\u00e3o de aconchego e tranquilidade. \u00c9 um momento de pausa, onde o toque \u00e9 utilizado com inten\u00e7\u00e3o terap\u00eautica para acalmar o sistema nervoso, aliviar tens\u00f5es musculares leves e proporcionar bem-estar profundo.<\/p>\n<\/div>\n\n\n\n<p class=\"has-text-align-left\">Diferente das massagens com manobras intensas, a Soft trabalha com sutileza, respeitando o tempo e o limite do seu corpo. \u00c9 como se cada toque dissesse: &#8220;est\u00e1 tudo bem, voc\u00ea pode relaxar agora&#8221;.<\/p>\n\n\n\n<h2 class=\"wp-block-heading\">Quais s\u00e3o os benef\u00edcios?<\/h2>\n\n\n\n<p>Mesmo com um toque mais leve, a Massagem Soft traz in\u00fameros benef\u00edcios. Alguns deles s\u00e3o:<\/p>\n\n\n\n<ul class=\"wp-block-list\">\n<li><strong>Redu\u00e7\u00e3o do estresse e da ansiedade<\/strong><\/li>\n\n\n\n<li><strong>Melhora da qualidade do sono<\/strong><\/li>\n\n\n\n<li><strong>Al\u00edvio de dores de cabe\u00e7a e tens\u00f5es acumuladas<\/strong><\/li>\n\n\n\n<li><strong>Aumento da sensa\u00e7\u00e3o de bem-estar<\/strong><\/li>\n\n\n\n<li><strong>Melhora da circula\u00e7\u00e3o sangu\u00ednea e linf\u00e1tica<\/strong><\/li>\n\n\n\n<li><strong>Aux\u00edlio no equil\u00edbrio emocional<\/strong><\/li>\n<\/ul>\n\n\n\n<p>Muitos clientes relatam uma sensa\u00e7\u00e3o de leveza e clareza mental ap\u00f3s a sess\u00e3o \u2014 como se tivessem tirado um peso das costas, literalmente.<\/p>\n\n\n\n<h2 class=\"wp-block-heading\">Particularidades desta massagem<\/h2>\n\n\n\n<p>O que torna a Massagem Soft t\u00e3o especial \u00e9 justamente a sua simplicidade. Ela n\u00e3o exige for\u00e7a nem intensidade: \u00e9 na leveza que mora o poder.<\/p>\n\n\n\n<p>Aqui na Equil\u00edbrio, cada sess\u00e3o \u00e9 personalizada. Utilizamos aromas suaves, m\u00fasica ambiente, ilumina\u00e7\u00e3o baixa e \u00f3leos vegetais ou cremes de alta qualidade, criando uma atmosfera acolhedora desde o primeiro minuto. O protocolo tamb\u00e9m pode incluir t\u00e9cnicas complementares, como respira\u00e7\u00e3o guiada, para potencializar os efeitos.<\/p>\n\n\n\n<h2 class=\"wp-block-heading\">Indica\u00e7\u00f5es e contraindica\u00e7\u00f5es<\/h2>\n\n\n\n<p>A Massagem Soft \u00e9 indicada para praticamente todos os p\u00fablicos \u2014 desde quem busca al\u00edvio do estresse at\u00e9 quem precisa de um cuidado mais delicado com o corpo, como gestantes (ap\u00f3s o primeiro trimestre) e idosos.<\/p>\n\n\n\n<p><strong>\u00c9 especialmente recomendada para:<\/strong><\/p>\n\n\n\n<ul class=\"wp-block-list\">\n<li>Pessoas com alta carga de estresse emocional<\/li>\n\n\n\n<li>Quem sente dificuldade para dormir ou relaxar<\/li>\n\n\n\n<li>Pacientes em recupera\u00e7\u00e3o f\u00edsica (com libera\u00e7\u00e3o m\u00e9dica)<\/li>\n\n\n\n<li>Gestantes a partir do 4\u00ba m\u00eas<\/li>\n\n\n\n<li>Pessoas com dores musculares leves<\/li>\n<\/ul>\n\n\n\n<p><strong>Contraindica\u00e7\u00f5es (ou quando \u00e9 melhor evitar):<\/strong><\/p>\n\n\n\n<ul class=\"wp-block-list\">\n<li>Casos de febre ou infec\u00e7\u00f5es ativas<\/li>\n\n\n\n<li>Doen\u00e7as de pele contagiosas<\/li>\n\n\n\n<li>Feridas abertas ou \u00e1reas lesionadas<\/li>\n\n\n\n<li>Trombose venosa profunda<\/li>\n\n\n\n<li>Algumas condi\u00e7\u00f5es card\u00edacas (sempre consultar um m\u00e9dico antes)<\/li>\n<\/ul>\n\n\n\n<h2 class=\"wp-block-heading\">Um convite ao autocuidado<\/h2>\n\n\n\n<p>Se voc\u00ea nunca experimentou a Massagem Soft, talvez esteja perdendo uma das formas mais agrad\u00e1veis de se reconectar com seu corpo e acalmar a mente. Aqui na Equil\u00edbrio Massoterapia, cada detalhe da sua sess\u00e3o \u00e9 pensado com carinho para que voc\u00ea se sinta acolhido(a) e renovado(a).<\/p>\n\n\n\n<p>\u2728 <strong>Agende sua sess\u00e3o e sinta na pele os benef\u00edcios dessa experi\u00eancia transformadora. Seu corpo vai agradecer.<\/strong><\/p>\n","protected":false},"excerpt":{"rendered":"<p>Saiba tudo sobre a Massagem Soft: toque leve, resultados profundos Se voc\u00ea est\u00e1 em busca de uma experi\u00eancia \u00fanica de relaxamento, precisa conhecer a Massagem Soft, um dos tratamentos mais procurados aqui na Equil\u00edbrio Massoterapia, em Guriri. Mais do que uma simples massagem, essa t\u00e9cnica oferece um cuidado completo com corpo e mente \u2014 ideal [&hellip;]<\/p>\n","protected":false},"author":1,"featured_media":1956,"comment_status":"open","ping_status":"open","sticky":false,"template":"","format":"standard","meta":{"footnotes":""},"categories":[1],"tags":[],"class_list":["post-2997","post","type-post","status-publish","format-standard","has-post-thumbnail","hentry","category-blog"],"_links":{"self":[{"href":"https:\/\/equilibriospa.com\/index.php\/wp-json\/wp\/v2\/posts\/2997","targetHints":{"allow":["GET"]}}],"collection":[{"href":"https:\/\/equilibriospa.com\/index.php\/wp-json\/wp\/v2\/posts"}],"about":[{"href":"https:\/\/equilibriospa.com\/index.php\/wp-json\/wp\/v2\/types\/post"}],"author":[{"embeddable":true,"href":"https:\/\/equilibriospa.com\/index.php\/wp-json\/wp\/v2\/users\/1"}],"replies":[{"embeddable":true,"href":"https:\/\/equilibriospa.com\/index.php\/wp-json\/wp\/v2\/comments?post=2997"}],"version-history":[{"count":10,"href":"https:\/\/equilibriospa.com\/index.php\/wp-json\/wp\/v2\/posts\/2997\/revisions"}],"predecessor-version":[{"id":3012,"href":"https:\/\/equilibriospa.com\/index.php\/wp-json\/wp\/v2\/posts\/2997\/revisions\/3012"}],"wp:featuredmedia":[{"embeddable":true,"href":"https:\/\/equilibriospa.com\/index.php\/wp-json\/wp\/v2\/media\/1956"}],"wp:attachment":[{"href":"https:\/\/equilibriospa.com\/index.php\/wp-json\/wp\/v2\/media?parent=2997"}],"wp:term":[{"taxonomy":"category","embeddable":true,"href":"https:\/\/equilibriospa.com\/index.php\/wp-json\/wp\/v2\/categories?post=2997"},{"taxonomy":"post_tag","embeddable":true,"href":"https:\/\/equilibriospa.com\/index.php\/wp-json\/wp\/v2\/tags?post=2997"}],"curies":[{"name":"wp","href":"https:\/\/api.w.org\/{rel}","templated":true}]}}